{"id":9513,"date":"2026-08-11T13:07:09","date_gmt":"2026-08-11T13:07:09","guid":{"rendered":"https:\/\/stadt-brandis.de\/?p=4098"},"modified":"2026-08-11T13:07:09","modified_gmt":"2026-08-11T13:07:09","slug":"sommerinterview-mit-buergermeister-arno-jesse-3","status":"publish","type":"post","link":"https:\/\/rathaus.stadt-brandis.de\/de_informal\/2026\/08\/11\/sommerinterview-mit-buergermeister-arno-jesse-3\/","title":{"rendered":"Sommerinterview mit B\u00fcrgermeister Arno Jesse"},"content":{"rendered":"<p class=\"wp-block-paragraph\">Zum diesj\u00e4hrigen Sommerinterview ging es in des sanierten Alten Ratskeller auf dem Brandiser Markt. Themen waren neben dem Geb\u00e4ude mit Stadtbibliothek selbst unter anderen die gesellschaftliche Entwicklung, die Stadtgesellschaft und der Umgang mit der Politik, ein R\u00fcckblick auf die vergangenen Monate, finanzielle Ressourcen der Kommune sowie Ziele zum Jahresende. <a href=\"https:\/\/youtu.be\/oo3q_jkfbbk\">Hier <\/a>geht es zu dem Mischnitt.<\/p>\n\n\n\n<p class=\"wp-block-paragraph\">Fragen und Anregungen k\u00f6nnen Interessierte an buergerdialog@muldental.tv senden.<\/p>","protected":false},"excerpt":{"rendered":"<p>Zum diesj\u00e4hrigen Sommerinterview ging es in des sanierten Alten Ratskeller auf dem Brandiser Markt. Themen waren neben dem Geb\u00e4ude mit Stadtbibliothek selbst unter anderen die gesellschaftliche Entwicklung, die Stadtgesellschaft und der Umgang mit der Politik, ein R\u00fcckblick auf die vergangenen Monate, finanzielle Ressourcen der Kommune sowie Ziele zum Jahresende. Hier geht es zu dem Mischnitt. Fragen und Anregungen k\u00f6nnen Interessierte an buergerdialog@muldental.tv senden.<\/p>","protected":false},"author":9,"featured_media":9514,"comment_status":"open","ping_status":"open","sticky":false,"template":"","format":"standard","meta":{"_acf_changed":false,"_et_pb_use_builder":"","_et_pb_old_content":"","_et_gb_content_width":"","footnotes":""},"categories":[43],"tags":[],"class_list":["post-9513","post","type-post","status-publish","format-standard","has-post-thumbnail","hentry","category-aktuelles"],"acf":[],"yoast_head":"<!-- This site is optimized with the Yoast SEO plugin v27.2 - https:\/\/yoast.com\/product\/yoast-seo-wordpress\/ -->\n<title>Sommerinterview mit B\u00fcrgermeister Arno Jesse - Brandis - Virtuelles Rathaus<\/title>\n<meta name=\"robots\" content=\"index, follow, max-snippet:-1, max-image-preview:large, max-video-preview:-1\" \/>\n<link rel=\"canonical\" href=\"https:\/\/rathaus.stadt-brandis.de\/de_informal\/2026\/08\/11\/sommerinterview-mit-buergermeister-arno-jesse-3\/\" \/>\n<meta property=\"og:locale\" content=\"de_DE\" \/>\n<meta property=\"og:type\" content=\"article\" \/>\n<meta property=\"og:title\" content=\"Sommerinterview mit B\u00fcrgermeister Arno Jesse - Brandis - Virtuelles Rathaus\" \/>\n<meta property=\"og:description\" content=\"Zum diesj\u00e4hrigen Sommerinterview ging es in des sanierten Alten Ratskeller auf dem Brandiser Markt. Themen waren neben dem Geb\u00e4ude mit Stadtbibliothek selbst unter anderen die gesellschaftliche Entwicklung, die Stadtgesellschaft und der Umgang mit der Politik, ein R\u00fcckblick auf die vergangenen Monate, finanzielle Ressourcen der Kommune sowie Ziele zum Jahresende. Hier geht es zu dem Mischnitt. Fragen und Anregungen k\u00f6nnen Interessierte an buergerdialog@muldental.tv senden.\" \/>\n<meta property=\"og:url\" content=\"https:\/\/rathaus.stadt-brandis.de\/de_informal\/2026\/08\/11\/sommerinterview-mit-buergermeister-arno-jesse-3\/\" \/>\n<meta property=\"og:site_name\" content=\"Brandis - Virtuelles Rathaus\" \/>\n<meta property=\"article:published_time\" content=\"2026-08-11T13:07:09+00:00\" \/>\n<meta name=\"author\" content=\"postsync\" \/>\n<meta name=\"twitter:card\" content=\"summary_large_image\" \/>\n<meta name=\"twitter:label1\" content=\"Written by\" \/>\n\t<meta name=\"twitter:data1\" content=\"postsync\" \/>\n<script type=\"application\/ld+json\" class=\"yoast-schema-graph\">{\"@context\":\"https:\/\/schema.org\",\"@graph\":[{\"@type\":\"Article\",\"@id\":\"https:\/\/rathaus.stadt-brandis.de\/2026\/08\/11\/sommerinterview-mit-buergermeister-arno-jesse-3\/#article\",\"isPartOf\":{\"@id\":\"https:\/\/rathaus.stadt-brandis.de\/2026\/08\/11\/sommerinterview-mit-buergermeister-arno-jesse-3\/\"},\"author\":{\"name\":\"postsync\",\"@id\":\"https:\/\/rathaus.stadt-brandis.de\/#\/schema\/person\/b6680492f15a38ccc9dfa24f63937a1e\"},\"headline\":\"Sommerinterview mit B\u00fcrgermeister Arno Jesse\",\"datePublished\":\"2026-08-11T13:07:09+00:00\",\"mainEntityOfPage\":{\"@id\":\"https:\/\/rathaus.stadt-brandis.de\/2026\/08\/11\/sommerinterview-mit-buergermeister-arno-jesse-3\/\"},\"wordCount\":75,\"commentCount\":12,\"image\":{\"@id\":\"https:\/\/rathaus.stadt-brandis.de\/2026\/08\/11\/sommerinterview-mit-buergermeister-arno-jesse-3\/#primaryimage\"},\"thumbnailUrl\":\"https:\/\/rathaus.stadt-brandis.de\/wp-content\/uploads\/2026\/08\/Intro-Sommerinterview-Brandis-2026_01_00_12_03.jpg\",\"articleSection\":[\"Aktuelles\"],\"inLanguage\":\"de-leichte-sprache\",\"potentialAction\":[{\"@type\":\"CommentAction\",\"name\":\"Comment\",\"target\":[\"https:\/\/rathaus.stadt-brandis.de\/2026\/08\/11\/sommerinterview-mit-buergermeister-arno-jesse-3\/#respond\"]}]},{\"@type\":\"WebPage\",\"@id\":\"https:\/\/rathaus.stadt-brandis.de\/2026\/08\/11\/sommerinterview-mit-buergermeister-arno-jesse-3\/\",\"url\":\"https:\/\/rathaus.stadt-brandis.de\/2026\/08\/11\/sommerinterview-mit-buergermeister-arno-jesse-3\/\",\"name\":\"Sommerinterview mit B\u00fcrgermeister Arno Jesse - Brandis - Virtuelles Rathaus\",\"isPartOf\":{\"@id\":\"https:\/\/rathaus.stadt-brandis.de\/#website\"},\"primaryImageOfPage\":{\"@id\":\"https:\/\/rathaus.stadt-brandis.de\/2026\/08\/11\/sommerinterview-mit-buergermeister-arno-jesse-3\/#primaryimage\"},\"image\":{\"@id\":\"https:\/\/rathaus.stadt-brandis.de\/2026\/08\/11\/sommerinterview-mit-buergermeister-arno-jesse-3\/#primaryimage\"},\"thumbnailUrl\":\"https:\/\/rathaus.stadt-brandis.de\/wp-content\/uploads\/2026\/08\/Intro-Sommerinterview-Brandis-2026_01_00_12_03.jpg\",\"datePublished\":\"2026-08-11T13:07:09+00:00\",\"author\":{\"@id\":\"https:\/\/rathaus.stadt-brandis.de\/#\/schema\/person\/b6680492f15a38ccc9dfa24f63937a1e\"},\"breadcrumb\":{\"@id\":\"https:\/\/rathaus.stadt-brandis.de\/2026\/08\/11\/sommerinterview-mit-buergermeister-arno-jesse-3\/#breadcrumb\"},\"inLanguage\":\"de-leichte-sprache\",\"potentialAction\":[{\"@type\":\"ReadAction\",\"target\":[\"https:\/\/rathaus.stadt-brandis.de\/2026\/08\/11\/sommerinterview-mit-buergermeister-arno-jesse-3\/\"]}]},{\"@type\":\"ImageObject\",\"inLanguage\":\"de-leichte-sprache\",\"@id\":\"https:\/\/rathaus.stadt-brandis.de\/2026\/08\/11\/sommerinterview-mit-buergermeister-arno-jesse-3\/#primaryimage\",\"url\":\"https:\/\/rathaus.stadt-brandis.de\/wp-content\/uploads\/2026\/08\/Intro-Sommerinterview-Brandis-2026_01_00_12_03.jpg\",\"contentUrl\":\"https:\/\/rathaus.stadt-brandis.de\/wp-content\/uploads\/2026\/08\/Intro-Sommerinterview-Brandis-2026_01_00_12_03.jpg\",\"width\":1920,\"height\":1080},{\"@type\":\"BreadcrumbList\",\"@id\":\"https:\/\/rathaus.stadt-brandis.de\/2026\/08\/11\/sommerinterview-mit-buergermeister-arno-jesse-3\/#breadcrumb\",\"itemListElement\":[{\"@type\":\"ListItem\",\"position\":1,\"name\":\"Startseite\",\"item\":\"https:\/\/rathaus.stadt-brandis.de\/\"},{\"@type\":\"ListItem\",\"position\":2,\"name\":\"Sommerinterview mit B\u00fcrgermeister Arno Jesse\"}]},{\"@type\":\"WebSite\",\"@id\":\"https:\/\/rathaus.stadt-brandis.de\/#website\",\"url\":\"https:\/\/rathaus.stadt-brandis.de\/\",\"name\":\"Brandis - Virtuelles Rathaus\",\"description\":\"\",\"potentialAction\":[{\"@type\":\"SearchAction\",\"target\":{\"@type\":\"EntryPoint\",\"urlTemplate\":\"https:\/\/rathaus.stadt-brandis.de\/?s={search_term_string}\"},\"query-input\":{\"@type\":\"PropertyValueSpecification\",\"valueRequired\":true,\"valueName\":\"search_term_string\"}}],\"inLanguage\":\"de-leichte-sprache\"},{\"@type\":\"Person\",\"@id\":\"https:\/\/rathaus.stadt-brandis.de\/#\/schema\/person\/b6680492f15a38ccc9dfa24f63937a1e\",\"name\":\"postsync\",\"url\":\"https:\/\/rathaus.stadt-brandis.de\/de_informal\/author\/postsync\/\"}]}<\/script>\n<!-- \/ Yoast SEO plugin. -->","yoast_head_json":{"title":"Sommerinterview mit B\u00fcrgermeister Arno Jesse - Brandis - Virtuelles Rathaus","robots":{"index":"index","follow":"follow","max-snippet":"max-snippet:-1","max-image-preview":"max-image-preview:large","max-video-preview":"max-video-preview:-1"},"canonical":"https:\/\/rathaus.stadt-brandis.de\/de_informal\/2026\/08\/11\/sommerinterview-mit-buergermeister-arno-jesse-3\/","og_locale":"de_DE","og_type":"article","og_title":"Sommerinterview mit B\u00fcrgermeister Arno Jesse - Brandis - Virtuelles Rathaus","og_description":"Zum diesj\u00e4hrigen Sommerinterview ging es in des sanierten Alten Ratskeller auf dem Brandiser Markt. Themen waren neben dem Geb\u00e4ude mit Stadtbibliothek selbst unter anderen die gesellschaftliche Entwicklung, die Stadtgesellschaft und der Umgang mit der Politik, ein R\u00fcckblick auf die vergangenen Monate, finanzielle Ressourcen der Kommune sowie Ziele zum Jahresende. Hier geht es zu dem Mischnitt. Fragen und Anregungen k\u00f6nnen Interessierte an buergerdialog@muldental.tv senden.","og_url":"https:\/\/rathaus.stadt-brandis.de\/de_informal\/2026\/08\/11\/sommerinterview-mit-buergermeister-arno-jesse-3\/","og_site_name":"Brandis - Virtuelles Rathaus","article_published_time":"2026-08-11T13:07:09+00:00","author":"postsync","twitter_card":"summary_large_image","twitter_misc":{"Written by":"postsync"},"schema":{"@context":"https:\/\/schema.org","@graph":[{"@type":"Article","@id":"https:\/\/rathaus.stadt-brandis.de\/2026\/08\/11\/sommerinterview-mit-buergermeister-arno-jesse-3\/#article","isPartOf":{"@id":"https:\/\/rathaus.stadt-brandis.de\/2026\/08\/11\/sommerinterview-mit-buergermeister-arno-jesse-3\/"},"author":{"name":"postsync","@id":"https:\/\/rathaus.stadt-brandis.de\/#\/schema\/person\/b6680492f15a38ccc9dfa24f63937a1e"},"headline":"Sommerinterview mit B\u00fcrgermeister Arno Jesse","datePublished":"2026-08-11T13:07:09+00:00","mainEntityOfPage":{"@id":"https:\/\/rathaus.stadt-brandis.de\/2026\/08\/11\/sommerinterview-mit-buergermeister-arno-jesse-3\/"},"wordCount":75,"commentCount":12,"image":{"@id":"https:\/\/rathaus.stadt-brandis.de\/2026\/08\/11\/sommerinterview-mit-buergermeister-arno-jesse-3\/#primaryimage"},"thumbnailUrl":"https:\/\/rathaus.stadt-brandis.de\/wp-content\/uploads\/2026\/08\/Intro-Sommerinterview-Brandis-2026_01_00_12_03.jpg","articleSection":["Aktuelles"],"inLanguage":"de-leichte-sprache","potentialAction":[{"@type":"CommentAction","name":"Comment","target":["https:\/\/rathaus.stadt-brandis.de\/2026\/08\/11\/sommerinterview-mit-buergermeister-arno-jesse-3\/#respond"]}]},{"@type":"WebPage","@id":"https:\/\/rathaus.stadt-brandis.de\/2026\/08\/11\/sommerinterview-mit-buergermeister-arno-jesse-3\/","url":"https:\/\/rathaus.stadt-brandis.de\/2026\/08\/11\/sommerinterview-mit-buergermeister-arno-jesse-3\/","name":"Sommerinterview mit B\u00fcrgermeister Arno Jesse - Brandis - Virtuelles Rathaus","isPartOf":{"@id":"https:\/\/rathaus.stadt-brandis.de\/#website"},"primaryImageOfPage":{"@id":"https:\/\/rathaus.stadt-brandis.de\/2026\/08\/11\/sommerinterview-mit-buergermeister-arno-jesse-3\/#primaryimage"},"image":{"@id":"https:\/\/rathaus.stadt-brandis.de\/2026\/08\/11\/sommerinterview-mit-buergermeister-arno-jesse-3\/#primaryimage"},"thumbnailUrl":"https:\/\/rathaus.stadt-brandis.de\/wp-content\/uploads\/2026\/08\/Intro-Sommerinterview-Brandis-2026_01_00_12_03.jpg","datePublished":"2026-08-11T13:07:09+00:00","author":{"@id":"https:\/\/rathaus.stadt-brandis.de\/#\/schema\/person\/b6680492f15a38ccc9dfa24f63937a1e"},"breadcrumb":{"@id":"https:\/\/rathaus.stadt-brandis.de\/2026\/08\/11\/sommerinterview-mit-buergermeister-arno-jesse-3\/#breadcrumb"},"inLanguage":"de-leichte-sprache","potentialAction":[{"@type":"ReadAction","target":["https:\/\/rathaus.stadt-brandis.de\/2026\/08\/11\/sommerinterview-mit-buergermeister-arno-jesse-3\/"]}]},{"@type":"ImageObject","inLanguage":"de-leichte-sprache","@id":"https:\/\/rathaus.stadt-brandis.de\/2026\/08\/11\/sommerinterview-mit-buergermeister-arno-jesse-3\/#primaryimage","url":"https:\/\/rathaus.stadt-brandis.de\/wp-content\/uploads\/2026\/08\/Intro-Sommerinterview-Brandis-2026_01_00_12_03.jpg","contentUrl":"https:\/\/rathaus.stadt-brandis.de\/wp-content\/uploads\/2026\/08\/Intro-Sommerinterview-Brandis-2026_01_00_12_03.jpg","width":1920,"height":1080},{"@type":"BreadcrumbList","@id":"https:\/\/rathaus.stadt-brandis.de\/2026\/08\/11\/sommerinterview-mit-buergermeister-arno-jesse-3\/#breadcrumb","itemListElement":[{"@type":"ListItem","position":1,"name":"Startseite","item":"https:\/\/rathaus.stadt-brandis.de\/"},{"@type":"ListItem","position":2,"name":"Sommerinterview mit B\u00fcrgermeister Arno Jesse"}]},{"@type":"WebSite","@id":"https:\/\/rathaus.stadt-brandis.de\/#website","url":"https:\/\/rathaus.stadt-brandis.de\/","name":"Brandis - Virtuelles Rathaus","description":"","potentialAction":[{"@type":"SearchAction","target":{"@type":"EntryPoint","urlTemplate":"https:\/\/rathaus.stadt-brandis.de\/?s={search_term_string}"},"query-input":{"@type":"PropertyValueSpecification","valueRequired":true,"valueName":"search_term_string"}}],"inLanguage":"de-leichte-sprache"},{"@type":"Person","@id":"https:\/\/rathaus.stadt-brandis.de\/#\/schema\/person\/b6680492f15a38ccc9dfa24f63937a1e","name":"postsync","url":"https:\/\/rathaus.stadt-brandis.de\/de_informal\/author\/postsync\/"}]}},"_links":{"self":[{"href":"https:\/\/rathaus.stadt-brandis.de\/de_informal\/wp-json\/wp\/v2\/posts\/9513","targetHints":{"allow":["GET"]}}],"collection":[{"href":"https:\/\/rathaus.stadt-brandis.de\/de_informal\/wp-json\/wp\/v2\/posts"}],"about":[{"href":"https:\/\/rathaus.stadt-brandis.de\/de_informal\/wp-json\/wp\/v2\/types\/post"}],"author":[{"embeddable":true,"href":"https:\/\/rathaus.stadt-brandis.de\/de_informal\/wp-json\/wp\/v2\/users\/9"}],"replies":[{"embeddable":true,"href":"https:\/\/rathaus.stadt-brandis.de\/de_informal\/wp-json\/wp\/v2\/comments?post=9513"}],"version-history":[{"count":0,"href":"https:\/\/rathaus.stadt-brandis.de\/de_informal\/wp-json\/wp\/v2\/posts\/9513\/revisions"}],"wp:featuredmedia":[{"embeddable":true,"href":"https:\/\/rathaus.stadt-brandis.de\/de_informal\/wp-json\/wp\/v2\/media\/9514"}],"wp:attachment":[{"href":"https:\/\/rathaus.stadt-brandis.de\/de_informal\/wp-json\/wp\/v2\/media?parent=9513"}],"wp:term":[{"taxonomy":"category","embeddable":true,"href":"https:\/\/rathaus.stadt-brandis.de\/de_informal\/wp-json\/wp\/v2\/categories?post=9513"},{"taxonomy":"post_tag","embeddable":true,"href":"https:\/\/rathaus.stadt-brandis.de\/de_informal\/wp-json\/wp\/v2\/tags?post=9513"}],"curies":[{"name":"wp","href":"https:\/\/api.w.org\/{rel}","templated":true}]}}